{"id":4107,"date":"2014-11-13T15:53:30","date_gmt":"2014-11-13T14:53:30","guid":{"rendered":"http:\/\/www.madridsensations.com\/?p=4107"},"modified":"2020-05-13T15:54:06","modified_gmt":"2020-05-13T13:54:06","slug":"claudio-moyano-y-la-educacion","status":"publish","type":"post","link":"https:\/\/madridsensations.com\/es\/claudio-moyano-y-la-educacion\/","title":{"rendered":"Claudio Moyano y la educaci\u00f3n"},"content":{"rendered":"<p><a href=\"https:\/\/madridsensations.com\/wp-content\/uploads\/2014\/11\/Escultura-Claudio-Moyano.jpg\"><img loading=\"lazy\" decoding=\"async\" class=\"alignright  wp-image-4110\" alt=\"Escultura Claudio Moyano\" src=\"https:\/\/madridsensations.com\/wp-content\/uploads\/2014\/11\/Escultura-Claudio-Moyano.jpg\" width=\"315\" height=\"712\" \/><\/a>Todos los madrile\u00f1os conocemos la Cuesta de Claudio Moyano, esa subida desde <a title=\"Estaci\u00f3n de Atocha\" href=\"https:\/\/madridsensations.com\/es\/estacion-de-atocha\/\">Atocha<\/a> al <a title=\"Parque del Retiro\" href=\"https:\/\/madridsensations.com\/es\/parque-del-retiro\/\">Retiro<\/a>, con tantos puestos de libros de segunda mano. Muchos tambi\u00e9n os habr\u00e9is fijado en la escultura de un se\u00f1or en un alto pedestal.<\/p>\n<p>Este se\u00f1or es <em>Claudio Moyano<\/em>\u00a0y jug\u00f3 un papel muy importante en la historia de la educaci\u00f3n es Espa\u00f1a, pues \u00e9l elabor\u00f3 la ley que m\u00e1s ha durado.<\/p>\n<h2>Historia de la Educaci\u00f3n en Espa\u00f1a<\/h2>\n<p>Si nos paramos a pensar en cu\u00e1ntas leyes de educaci\u00f3n ha habido en los \u00faltimos tiempos, perdemos la cuenta facilmente, pues los gobiernos se empe\u00f1an en cambiarlas, vamos a hacer un resumen simplificad\u00edsimo:<\/p>\n<ul>\n<li>Antes de Carlos III, una parte importante de la educaci\u00f3n estaba en mano de Jesuitas, las universidades tambi\u00e9n pertenec\u00edan a la iglesia.<\/li>\n<li><strong>Carlos III y la ilustraci\u00f3n:<\/strong> Expulsi\u00f3n de los Jesuitas de Espa\u00f1a (1766). En la educaci\u00f3n superior se crearon colegios alternativos a las universidades.<\/li>\n<li><strong>Fernando VII:<\/strong> Absolutismo, vuelta a todo lo anterior a la Ilustraci\u00f3n.<\/li>\n<li><strong>Isabel II:<\/strong> Durante el reinado de Isabel II, se alternaban en el poder Moderados y Progresistas, estos \u00faltimos, bajo ministerio de Alonso Mart\u00ednez, impulsaron la <em>Ley de Instrucci\u00f3n P\u00fablica<\/em> que fue elaborada por Claudio Moyano.<\/li>\n<li><strong>I Rep\u00fablica, Reinado de Amadeo de Saboya, II rep\u00fablica y Guerra Civil:<\/strong> M\u00e1s de 80 a\u00f1os y las lineas b\u00e1sicas de la <em>Ley de Instrucci\u00f3n p\u00fablica<\/em> se manten\u00edan.<\/li>\n<li><strong>Franquismo:<\/strong> 3 leyes diferentes, la primera al terminar la guerra en 1939, la \u00faltima en 1970, que es la de la famosa EGB, BUP y COU.<\/li>\n<li><strong>Democracia:<\/strong> \u00a0Llevamos ya 5 leyes diferentes, como la parodiada LOGSE de 1990 con su \u00abESO\u00bb.<\/li>\n<li><strong>2013:<\/strong> La LOMCE (se admiten apuestas sobre lo que va a durar).<\/li>\n<\/ul>\n<h2>Ley de Instrucci\u00f3n P\u00fablica (1857)<\/h2>\n<p>Tambi\u00e9n llamada \u00abLey Moyano\u00bb, era una ley de bases (en 307 art\u00edculos), con unas lineas generales\u00a0que contentaran tanto a moderados como a progresistas, para que no se cambiara constantemente (como ocurr\u00eda en esa \u00e9poca con todo lo dem\u00e1s).<\/p>\n<p>El predecesor de Claudio Moyano fue Alonso Mart\u00ednez, \u00e9ste hab\u00eda empezado a crear el nuevo proyecto, en base a la inestabilidad del anterior \u00abPlan Pidal\u00bb, que tantas modificaciones sufr\u00eda de manera constante.<\/p>\n<p>La ley tuvo a lo largo de su historia modificaciones y leyes complementarias.<\/p>\n<blockquote><p>\u00abLleva mi ley treinta a\u00f1os en vigor&#8230; Esta ley ha durado y durar\u00e1 muchos a\u00f1os porque dicha ley, y esto puedo decirlo muy alto, fue una ley nacional, no de partido&#8230;\u00bb &#8211; Claudio Moyano<\/p><\/blockquote>\n<h2>Educaci\u00f3n primaria obligatoria y otras caracter\u00edsticas:<\/h2>\n<ul>\n<li>La principal caracter\u00edstica del plan era el establecimiento de una educaci\u00f3n primaria obligatoria de los 6 a los 9 a\u00f1os.<\/li>\n<li>Habr\u00eda instituciones p\u00fablicas y privadas, pero para los que no pudieran costearsela ser\u00eda gratuita.<\/li>\n<li>Se divid\u00eda la educaci\u00f3n en Primaria, Secundaria y Superior.<\/li>\n<li>No permite la libertad de c\u00e1tedra, sino que el plan de estudios (inclusos los libros a utilizar) est\u00e1 centralizado en el poder institucional y deber\u00e1 aprobarse en las cortes.<\/li>\n<li>La Iglesia Cat\u00f3lica ten\u00eda poder en el mantenimiento de la doctrina religiosa (art. 295)<\/li>\n<\/ul>\n<h2>Bibliograf\u00eda<\/h2>\n<p>Este es un tema complejo, pues se mezcla la legislaci\u00f3n, con la historia y con las ideolog\u00edas. Aunque he revisado varias fuentes, advierto que puedo haberme equivocado en alg\u00fan punto y todas las opiniones y correcciones ser\u00e1n muy bienvenidas en los comentarios.<\/p>\n<ul>\n<li><a title=\"Ley Moyano\" href=\"http:\/\/es.wikisource.org\/wiki\/Ley_Moyano_de_Instrucci%C3%B3n_P%C3%BAblica_de_1857\" target=\"_blank\" rel=\"noopener noreferrer\">Ley Moyano de Instrucci\u00f3n P\u00fablica de 1857<\/a><\/li>\n<li>Tesis de Mar\u00eda Jesus Casals Carro: <a href=\"http:\/\/biblioteca.ucm.es\/tesis\/19911996\/S\/3\/S3008101.pdf\" target=\"_blank\" rel=\"noopener noreferrer\">Los cien primeros a\u00f1os de la Universidad Complutense y su influencia educativa en la pol\u00edtica espa\u00f1ola<\/a>.<\/li>\n<li>Rosario Prieto: <a href=\"http:\/\/www.juntadeandalucia.es\/educacion\/vscripts\/w_bcc1812\/w\/rec\/4241.pdf\" target=\"_blank\" rel=\"noopener noreferrer\">Instrucci\u00f3n: derecho a saber y derecho a ense\u00f1ar<\/a><\/li>\n<li>Discurso en la Universidad Central de Julian Sanz del R\u00edo.<\/li>\n<li>Historia de la Universidad de Santiago de Compostela Vol.I<\/li>\n<li>Estatuas de Madrid &#8211; monumentamadrid vol I &#8211; Ayuntamiento de Madrid<\/li>\n<li><a href=\"http:\/\/www.juntadeandalucia.es\/educacion\/vscripts\/wginer\/w\/rec\/3095.pdf\" target=\"_blank\" rel=\"noopener noreferrer\">Ley de Moyano y el desarroyo de la educaci\u00f3n en Espa\u00f1a<\/a> &#8211; Diego Sevilla Merino<\/li>\n<li>Memoria de Espa\u00f1a, colecci\u00f3n en DVD de TVE<\/li>\n<\/ul>\n","protected":false},"excerpt":{"rendered":"<p>Todos los madrile\u00f1os conocemos la Cuesta de Claudio Moyano, esa subida desde Atocha al Retiro, con tantos puestos de libros de segunda mano. Muchos tambi\u00e9n os habr\u00e9is fijado en la escultura de un se\u00f1or en un alto pedestal. Este se\u00f1or es Claudio Moyano\u00a0y jug\u00f3 un papel muy importante en la [&hellip;]<\/p>\n","protected":false},"author":1,"featured_media":4113,"comment_status":"open","ping_status":"closed","sticky":false,"template":"","format":"standard","meta":{"_monsterinsights_skip_tracking":false,"_monsterinsights_sitenote_active":false,"_monsterinsights_sitenote_note":"","_monsterinsights_sitenote_category":0,"footnotes":""},"categories":[19],"tags":[76,88],"class_list":["post-4107","post","type-post","status-publish","format-standard","has-post-thumbnail","hentry","category-curiosidades","tag-esculturas","tag-historia"],"yoast_head":"<!-- This site is optimized with the Yoast SEO Premium plugin v22.4 (Yoast SEO v26.8) - https:\/\/yoast.com\/product\/yoast-seo-premium-wordpress\/ -->\n<title>Claudio Moyano y la educaci\u00f3n - Madrid Sensations Tours<\/title>\n<meta name=\"description\" content=\"Claudio Moyano no es solo una calle de Madrid, tambi\u00e9n fue un pol\u00edtico importante del siglo XIX que estableci\u00f3n unas bases de la educaci\u00f3n p\u00fablica gratuita.\" \/>\n<meta name=\"robots\" content=\"index, follow, max-snippet:-1, max-image-preview:large, max-video-preview:-1\" \/>\n<link rel=\"canonical\" href=\"https:\/\/madridsensations.com\/es\/claudio-moyano-y-la-educacion\/\" \/>\n<meta property=\"og:locale\" content=\"es_ES\" \/>\n<meta property=\"og:type\" content=\"article\" \/>\n<meta property=\"og:title\" content=\"Claudio Moyano y la educaci\u00f3n\" \/>\n<meta property=\"og:description\" content=\"Claudio Moyano no es solo una calle de Madrid, tambi\u00e9n fue un pol\u00edtico importante del siglo XIX que estableci\u00f3n unas bases de la educaci\u00f3n p\u00fablica gratuita.\" \/>\n<meta property=\"og:url\" content=\"https:\/\/madridsensations.com\/es\/claudio-moyano-y-la-educacion\/\" \/>\n<meta property=\"og:site_name\" content=\"Madrid Sensations Tours\" \/>\n<meta property=\"article:publisher\" content=\"https:\/\/www.facebook.com\/madridsensations\/\" \/>\n<meta property=\"article:published_time\" content=\"2014-11-13T14:53:30+00:00\" \/>\n<meta property=\"article:modified_time\" content=\"2020-05-13T13:54:06+00:00\" \/>\n<meta property=\"og:image\" content=\"https:\/\/madridsensations.com\/wp-content\/uploads\/2014\/11\/Cuesta-de-Claudio-Moyano.jpg\" \/>\n\t<meta property=\"og:image:width\" content=\"313\" \/>\n\t<meta property=\"og:image:height\" content=\"200\" \/>\n\t<meta property=\"og:image:type\" content=\"image\/jpeg\" \/>\n<meta name=\"twitter:label1\" content=\"Escrito por\" \/>\n\t<meta name=\"twitter:data1\" content=\"\" \/>\n\t<meta name=\"twitter:label2\" content=\"Tiempo de lectura\" \/>\n\t<meta name=\"twitter:data2\" content=\"3 minutos\" \/>\n<script type=\"application\/ld+json\" class=\"yoast-schema-graph\">{\"@context\":\"https:\/\/schema.org\",\"@graph\":[{\"@type\":\"Article\",\"@id\":\"https:\/\/madridsensations.com\/es\/claudio-moyano-y-la-educacion\/#article\",\"isPartOf\":{\"@id\":\"https:\/\/madridsensations.com\/es\/claudio-moyano-y-la-educacion\/\"},\"author\":{\"name\":\"\",\"@id\":\"\"},\"headline\":\"Claudio Moyano y la educaci\u00f3n\",\"datePublished\":\"2014-11-13T14:53:30+00:00\",\"dateModified\":\"2020-05-13T13:54:06+00:00\",\"mainEntityOfPage\":{\"@id\":\"https:\/\/madridsensations.com\/es\/claudio-moyano-y-la-educacion\/\"},\"wordCount\":695,\"commentCount\":0,\"publisher\":{\"@id\":\"https:\/\/www.madridsensations.com\/#organization\"},\"image\":{\"@id\":\"https:\/\/madridsensations.com\/es\/claudio-moyano-y-la-educacion\/#primaryimage\"},\"thumbnailUrl\":\"https:\/\/madridsensations.com\/wp-content\/uploads\/2014\/11\/Cuesta-de-Claudio-Moyano.jpg\",\"keywords\":[\"Esculturas\",\"Historia\"],\"articleSection\":[\"Curiosidades y Leyendas de Madrid\"],\"inLanguage\":\"es\",\"potentialAction\":[{\"@type\":\"CommentAction\",\"name\":\"Comment\",\"target\":[\"https:\/\/madridsensations.com\/es\/claudio-moyano-y-la-educacion\/#respond\"]}]},{\"@type\":\"WebPage\",\"@id\":\"https:\/\/madridsensations.com\/es\/claudio-moyano-y-la-educacion\/\",\"url\":\"https:\/\/madridsensations.com\/es\/claudio-moyano-y-la-educacion\/\",\"name\":\"Claudio Moyano y la educaci\u00f3n - Madrid Sensations Tours\",\"isPartOf\":{\"@id\":\"https:\/\/www.madridsensations.com\/#website\"},\"primaryImageOfPage\":{\"@id\":\"https:\/\/madridsensations.com\/es\/claudio-moyano-y-la-educacion\/#primaryimage\"},\"image\":{\"@id\":\"https:\/\/madridsensations.com\/es\/claudio-moyano-y-la-educacion\/#primaryimage\"},\"thumbnailUrl\":\"https:\/\/madridsensations.com\/wp-content\/uploads\/2014\/11\/Cuesta-de-Claudio-Moyano.jpg\",\"datePublished\":\"2014-11-13T14:53:30+00:00\",\"dateModified\":\"2020-05-13T13:54:06+00:00\",\"description\":\"Claudio Moyano no es solo una calle de Madrid, tambi\u00e9n fue un pol\u00edtico importante del siglo XIX que estableci\u00f3n unas bases de la educaci\u00f3n p\u00fablica gratuita.\",\"breadcrumb\":{\"@id\":\"https:\/\/madridsensations.com\/es\/claudio-moyano-y-la-educacion\/#breadcrumb\"},\"inLanguage\":\"es\",\"potentialAction\":[{\"@type\":\"ReadAction\",\"target\":[\"https:\/\/madridsensations.com\/es\/claudio-moyano-y-la-educacion\/\"]}]},{\"@type\":\"ImageObject\",\"inLanguage\":\"es\",\"@id\":\"https:\/\/madridsensations.com\/es\/claudio-moyano-y-la-educacion\/#primaryimage\",\"url\":\"https:\/\/madridsensations.com\/wp-content\/uploads\/2014\/11\/Cuesta-de-Claudio-Moyano.jpg\",\"contentUrl\":\"https:\/\/madridsensations.com\/wp-content\/uploads\/2014\/11\/Cuesta-de-Claudio-Moyano.jpg\",\"width\":313,\"height\":200,\"caption\":\"Cuesta de Claudio Moyano\"},{\"@type\":\"BreadcrumbList\",\"@id\":\"https:\/\/madridsensations.com\/es\/claudio-moyano-y-la-educacion\/#breadcrumb\",\"itemListElement\":[{\"@type\":\"ListItem\",\"position\":1,\"name\":\"Home\",\"item\":\"https:\/\/madridsensations.com\/es\/\"},{\"@type\":\"ListItem\",\"position\":2,\"name\":\"Claudio Moyano y la educaci\u00f3n\"}]},{\"@type\":\"WebSite\",\"@id\":\"https:\/\/www.madridsensations.com\/#website\",\"url\":\"https:\/\/www.madridsensations.com\/\",\"name\":\"Madrid Sensations Tours\",\"description\":\"Explore and Discover Madrid with a private tour!\",\"publisher\":{\"@id\":\"https:\/\/www.madridsensations.com\/#organization\"},\"potentialAction\":[{\"@type\":\"SearchAction\",\"target\":{\"@type\":\"EntryPoint\",\"urlTemplate\":\"https:\/\/www.madridsensations.com\/?s={search_term_string}\"},\"query-input\":{\"@type\":\"PropertyValueSpecification\",\"valueRequired\":true,\"valueName\":\"search_term_string\"}}],\"inLanguage\":\"es\"},{\"@type\":\"Organization\",\"@id\":\"https:\/\/www.madridsensations.com\/#organization\",\"name\":\"Madrid Sensations Tours\",\"url\":\"https:\/\/www.madridsensations.com\/\",\"logo\":{\"@type\":\"ImageObject\",\"inLanguage\":\"es\",\"@id\":\"https:\/\/www.madridsensations.com\/#\/schema\/logo\/image\/\",\"url\":\"https:\/\/www.madridsensations.com\/wp-content\/uploads\/2020\/04\/Logo-Madrid-Sensations.png\",\"contentUrl\":\"https:\/\/www.madridsensations.com\/wp-content\/uploads\/2020\/04\/Logo-Madrid-Sensations.png\",\"width\":3377,\"height\":3377,\"caption\":\"Madrid Sensations Tours\"},\"image\":{\"@id\":\"https:\/\/www.madridsensations.com\/#\/schema\/logo\/image\/\"},\"sameAs\":[\"https:\/\/www.facebook.com\/madridsensations\/\",\"https:\/\/x.com\/MadridSnsations\",\"https:\/\/www.instagram.com\/madridsensations\/\",\"https:\/\/www.linkedin.com\/company\/2560011\/\",\"https:\/\/www.pinterest.es\/madridsensation\",\"https:\/\/www.youtube.com\/c\/Madridsensations\"]},{\"@type\":\"Person\",\"@id\":\"\"}]}<\/script>\n<!-- \/ Yoast SEO Premium plugin. -->","yoast_head_json":{"title":"Claudio Moyano y la educaci\u00f3n - Madrid Sensations Tours","description":"Claudio Moyano no es solo una calle de Madrid, tambi\u00e9n fue un pol\u00edtico importante del siglo XIX que estableci\u00f3n unas bases de la educaci\u00f3n p\u00fablica gratuita.","robots":{"index":"index","follow":"follow","max-snippet":"max-snippet:-1","max-image-preview":"max-image-preview:large","max-video-preview":"max-video-preview:-1"},"canonical":"https:\/\/madridsensations.com\/es\/claudio-moyano-y-la-educacion\/","og_locale":"es_ES","og_type":"article","og_title":"Claudio Moyano y la educaci\u00f3n","og_description":"Claudio Moyano no es solo una calle de Madrid, tambi\u00e9n fue un pol\u00edtico importante del siglo XIX que estableci\u00f3n unas bases de la educaci\u00f3n p\u00fablica gratuita.","og_url":"https:\/\/madridsensations.com\/es\/claudio-moyano-y-la-educacion\/","og_site_name":"Madrid Sensations Tours","article_publisher":"https:\/\/www.facebook.com\/madridsensations\/","article_published_time":"2014-11-13T14:53:30+00:00","article_modified_time":"2020-05-13T13:54:06+00:00","og_image":[{"width":313,"height":200,"url":"https:\/\/madridsensations.com\/wp-content\/uploads\/2014\/11\/Cuesta-de-Claudio-Moyano.jpg","type":"image\/jpeg"}],"twitter_misc":{"Escrito por":"","Tiempo de lectura":"3 minutos"},"schema":{"@context":"https:\/\/schema.org","@graph":[{"@type":"Article","@id":"https:\/\/madridsensations.com\/es\/claudio-moyano-y-la-educacion\/#article","isPartOf":{"@id":"https:\/\/madridsensations.com\/es\/claudio-moyano-y-la-educacion\/"},"author":{"name":"","@id":""},"headline":"Claudio Moyano y la educaci\u00f3n","datePublished":"2014-11-13T14:53:30+00:00","dateModified":"2020-05-13T13:54:06+00:00","mainEntityOfPage":{"@id":"https:\/\/madridsensations.com\/es\/claudio-moyano-y-la-educacion\/"},"wordCount":695,"commentCount":0,"publisher":{"@id":"https:\/\/www.madridsensations.com\/#organization"},"image":{"@id":"https:\/\/madridsensations.com\/es\/claudio-moyano-y-la-educacion\/#primaryimage"},"thumbnailUrl":"https:\/\/madridsensations.com\/wp-content\/uploads\/2014\/11\/Cuesta-de-Claudio-Moyano.jpg","keywords":["Esculturas","Historia"],"articleSection":["Curiosidades y Leyendas de Madrid"],"inLanguage":"es","potentialAction":[{"@type":"CommentAction","name":"Comment","target":["https:\/\/madridsensations.com\/es\/claudio-moyano-y-la-educacion\/#respond"]}]},{"@type":"WebPage","@id":"https:\/\/madridsensations.com\/es\/claudio-moyano-y-la-educacion\/","url":"https:\/\/madridsensations.com\/es\/claudio-moyano-y-la-educacion\/","name":"Claudio Moyano y la educaci\u00f3n - Madrid Sensations Tours","isPartOf":{"@id":"https:\/\/www.madridsensations.com\/#website"},"primaryImageOfPage":{"@id":"https:\/\/madridsensations.com\/es\/claudio-moyano-y-la-educacion\/#primaryimage"},"image":{"@id":"https:\/\/madridsensations.com\/es\/claudio-moyano-y-la-educacion\/#primaryimage"},"thumbnailUrl":"https:\/\/madridsensations.com\/wp-content\/uploads\/2014\/11\/Cuesta-de-Claudio-Moyano.jpg","datePublished":"2014-11-13T14:53:30+00:00","dateModified":"2020-05-13T13:54:06+00:00","description":"Claudio Moyano no es solo una calle de Madrid, tambi\u00e9n fue un pol\u00edtico importante del siglo XIX que estableci\u00f3n unas bases de la educaci\u00f3n p\u00fablica gratuita.","breadcrumb":{"@id":"https:\/\/madridsensations.com\/es\/claudio-moyano-y-la-educacion\/#breadcrumb"},"inLanguage":"es","potentialAction":[{"@type":"ReadAction","target":["https:\/\/madridsensations.com\/es\/claudio-moyano-y-la-educacion\/"]}]},{"@type":"ImageObject","inLanguage":"es","@id":"https:\/\/madridsensations.com\/es\/claudio-moyano-y-la-educacion\/#primaryimage","url":"https:\/\/madridsensations.com\/wp-content\/uploads\/2014\/11\/Cuesta-de-Claudio-Moyano.jpg","contentUrl":"https:\/\/madridsensations.com\/wp-content\/uploads\/2014\/11\/Cuesta-de-Claudio-Moyano.jpg","width":313,"height":200,"caption":"Cuesta de Claudio Moyano"},{"@type":"BreadcrumbList","@id":"https:\/\/madridsensations.com\/es\/claudio-moyano-y-la-educacion\/#breadcrumb","itemListElement":[{"@type":"ListItem","position":1,"name":"Home","item":"https:\/\/madridsensations.com\/es\/"},{"@type":"ListItem","position":2,"name":"Claudio Moyano y la educaci\u00f3n"}]},{"@type":"WebSite","@id":"https:\/\/www.madridsensations.com\/#website","url":"https:\/\/www.madridsensations.com\/","name":"Madrid Sensations Tours","description":"Explore and Discover Madrid with a private tour!","publisher":{"@id":"https:\/\/www.madridsensations.com\/#organization"},"potentialAction":[{"@type":"SearchAction","target":{"@type":"EntryPoint","urlTemplate":"https:\/\/www.madridsensations.com\/?s={search_term_string}"},"query-input":{"@type":"PropertyValueSpecification","valueRequired":true,"valueName":"search_term_string"}}],"inLanguage":"es"},{"@type":"Organization","@id":"https:\/\/www.madridsensations.com\/#organization","name":"Madrid Sensations Tours","url":"https:\/\/www.madridsensations.com\/","logo":{"@type":"ImageObject","inLanguage":"es","@id":"https:\/\/www.madridsensations.com\/#\/schema\/logo\/image\/","url":"https:\/\/www.madridsensations.com\/wp-content\/uploads\/2020\/04\/Logo-Madrid-Sensations.png","contentUrl":"https:\/\/www.madridsensations.com\/wp-content\/uploads\/2020\/04\/Logo-Madrid-Sensations.png","width":3377,"height":3377,"caption":"Madrid Sensations Tours"},"image":{"@id":"https:\/\/www.madridsensations.com\/#\/schema\/logo\/image\/"},"sameAs":["https:\/\/www.facebook.com\/madridsensations\/","https:\/\/x.com\/MadridSnsations","https:\/\/www.instagram.com\/madridsensations\/","https:\/\/www.linkedin.com\/company\/2560011\/","https:\/\/www.pinterest.es\/madridsensation","https:\/\/www.youtube.com\/c\/Madridsensations"]},{"@type":"Person","@id":""}]}},"_links":{"self":[{"href":"https:\/\/madridsensations.com\/es\/wp-json\/wp\/v2\/posts\/4107","targetHints":{"allow":["GET"]}}],"collection":[{"href":"https:\/\/madridsensations.com\/es\/wp-json\/wp\/v2\/posts"}],"about":[{"href":"https:\/\/madridsensations.com\/es\/wp-json\/wp\/v2\/types\/post"}],"author":[{"embeddable":true,"href":"https:\/\/madridsensations.com\/es\/wp-json\/wp\/v2\/users\/1"}],"replies":[{"embeddable":true,"href":"https:\/\/madridsensations.com\/es\/wp-json\/wp\/v2\/comments?post=4107"}],"version-history":[{"count":0,"href":"https:\/\/madridsensations.com\/es\/wp-json\/wp\/v2\/posts\/4107\/revisions"}],"wp:featuredmedia":[{"embeddable":true,"href":"https:\/\/madridsensations.com\/es\/wp-json\/wp\/v2\/media\/4113"}],"wp:attachment":[{"href":"https:\/\/madridsensations.com\/es\/wp-json\/wp\/v2\/media?parent=4107"}],"wp:term":[{"taxonomy":"category","embeddable":true,"href":"https:\/\/madridsensations.com\/es\/wp-json\/wp\/v2\/categories?post=4107"},{"taxonomy":"post_tag","embeddable":true,"href":"https:\/\/madridsensations.com\/es\/wp-json\/wp\/v2\/tags?post=4107"}],"curies":[{"name":"wp","href":"https:\/\/api.w.org\/{rel}","templated":true}]}}